{"id":83,"date":"2022-02-09T15:47:11","date_gmt":"2022-02-09T14:47:11","guid":{"rendered":"https:\/\/pompesfunebrestoulon.com\/?p=83"},"modified":"2022-02-09T15:47:11","modified_gmt":"2022-02-09T14:47:11","slug":"preparer-vos-obseques","status":"publish","type":"post","link":"https:\/\/pompesfunebrestoulon.com\/la-valette\/2022\/02\/09\/preparer-vos-obseques\/","title":{"rendered":"PR\u00c9PARER VOS OBS\u00c8QUES"},"content":{"rendered":"\n<p>Pr\u00e9voir c\u2019est d\u00e9cider : d\u00e9cider de la fa\u00e7on dont se d\u00e9rouleront vos fun\u00e9railles, lib\u00e9rer vos proches des contraintes d\u2019organisation d\u2019obs\u00e8ques, \u00e9viter \u00e0 ceux que vous aimez les d\u00e9penses li\u00e9es aux prestations fun\u00e9raires.D\u00e9cider \u00e9galement du respect de vos derni\u00e8res volont\u00e9s.&nbsp;<a href=\"https:\/\/pompesfunebreshyeres.fr\/2021\/01\/03\/preparer-vos-obseques\/\">Read more<\/a><\/p>\n","protected":false},"excerpt":{"rendered":"<p>Pr\u00e9voir c\u2019est d\u00e9cider : d\u00e9cider de la fa\u00e7on dont se d\u00e9rouleront vos fun\u00e9railles, lib\u00e9rer vos proches des contraintes d\u2019organisation d\u2019obs\u00e8ques, \u00e9viter \u00e0 ceux que vous aimez les d\u00e9penses li\u00e9es aux prestations fun\u00e9raires.D\u00e9cider \u00e9galement du respect de vos derni\u00e8res volont\u00e9s.&nbsp;Read more<\/p>\n","protected":false},"author":1,"featured_media":139,"comment_status":"open","ping_status":"open","sticky":false,"template":"","format":"standard","meta":{"footnotes":""},"categories":[4],"tags":[],"class_list":["post-83","post","type-post","status-publish","format-standard","has-post-thumbnail","hentry","category-preparer-des-obseques"],"yoast_head":"<!-- This site is optimized with the Yoast SEO plugin v27.5 - https:\/\/yoast.com\/product\/yoast-seo-wordpress\/ -->\n<title>PR\u00c9PARER VOS OBS\u00c8QUES - PF DE FRANCE - LA VALETTE du VAR<\/title>\n<meta name=\"robots\" content=\"index, follow, max-snippet:-1, max-image-preview:large, max-video-preview:-1\" \/>\n<link rel=\"canonical\" href=\"https:\/\/pompesfunebrestoulon.com\/la-valette\/2022\/02\/09\/preparer-vos-obseques\/\" \/>\n<meta property=\"og:locale\" content=\"fr_FR\" \/>\n<meta property=\"og:type\" content=\"article\" \/>\n<meta property=\"og:title\" content=\"PR\u00c9PARER VOS OBS\u00c8QUES - PF DE FRANCE - LA VALETTE du VAR\" \/>\n<meta property=\"og:description\" content=\"Pr\u00e9voir c\u2019est d\u00e9cider : d\u00e9cider de la fa\u00e7on dont se d\u00e9rouleront vos fun\u00e9railles, lib\u00e9rer vos proches des contraintes d\u2019organisation d\u2019obs\u00e8ques, \u00e9viter \u00e0 ceux que vous aimez les d\u00e9penses li\u00e9es aux prestations fun\u00e9raires.D\u00e9cider \u00e9galement du respect de vos derni\u00e8res volont\u00e9s.&nbsp;Read more\" \/>\n<meta property=\"og:url\" content=\"https:\/\/pompesfunebrestoulon.com\/la-valette\/2022\/02\/09\/preparer-vos-obseques\/\" \/>\n<meta property=\"og:site_name\" content=\"PF DE FRANCE - LA VALETTE du VAR\" \/>\n<meta property=\"article:published_time\" content=\"2022-02-09T14:47:11+00:00\" \/>\n<meta name=\"author\" content=\"Claude DELESSE\" \/>\n<meta name=\"twitter:card\" content=\"summary_large_image\" \/>\n<meta name=\"twitter:label1\" content=\"\u00c9crit par\" \/>\n\t<meta name=\"twitter:data1\" content=\"Claude DELESSE\" \/>\n<script type=\"application\/ld+json\" class=\"yoast-schema-graph\">{\"@context\":\"https:\\\/\\\/schema.org\",\"@graph\":[{\"@type\":\"Article\",\"@id\":\"https:\\\/\\\/pompesfunebrestoulon.com\\\/la-valette\\\/2022\\\/02\\\/09\\\/preparer-vos-obseques\\\/#article\",\"isPartOf\":{\"@id\":\"https:\\\/\\\/pompesfunebrestoulon.com\\\/la-valette\\\/2022\\\/02\\\/09\\\/preparer-vos-obseques\\\/\"},\"author\":{\"name\":\"Claude DELESSE\",\"@id\":\"https:\\\/\\\/pompesfunebrestoulon.com\\\/la-valette\\\/#\\\/schema\\\/person\\\/9e6e33c58bbab5e2169a5cb4684375bd\"},\"headline\":\"PR\u00c9PARER VOS OBS\u00c8QUES\",\"datePublished\":\"2022-02-09T14:47:11+00:00\",\"mainEntityOfPage\":{\"@id\":\"https:\\\/\\\/pompesfunebrestoulon.com\\\/la-valette\\\/2022\\\/02\\\/09\\\/preparer-vos-obseques\\\/\"},\"wordCount\":63,\"commentCount\":0,\"publisher\":{\"@id\":\"https:\\\/\\\/pompesfunebrestoulon.com\\\/la-valette\\\/#organization\"},\"image\":{\"@id\":\"https:\\\/\\\/pompesfunebrestoulon.com\\\/la-valette\\\/2022\\\/02\\\/09\\\/preparer-vos-obseques\\\/#primaryimage\"},\"thumbnailUrl\":\"https:\\\/\\\/pompesfunebrestoulon.com\\\/la-valette\\\/wp-content\\\/uploads\\\/sites\\\/2\\\/2022\\\/02\\\/accueil-1.jpg\",\"articleSection\":[\"Pr\u00e9parer des obs\u00e8ques\"],\"inLanguage\":\"fr-FR\",\"potentialAction\":[{\"@type\":\"CommentAction\",\"name\":\"Comment\",\"target\":[\"https:\\\/\\\/pompesfunebrestoulon.com\\\/la-valette\\\/2022\\\/02\\\/09\\\/preparer-vos-obseques\\\/#respond\"]}]},{\"@type\":\"WebPage\",\"@id\":\"https:\\\/\\\/pompesfunebrestoulon.com\\\/la-valette\\\/2022\\\/02\\\/09\\\/preparer-vos-obseques\\\/\",\"url\":\"https:\\\/\\\/pompesfunebrestoulon.com\\\/la-valette\\\/2022\\\/02\\\/09\\\/preparer-vos-obseques\\\/\",\"name\":\"PR\u00c9PARER VOS OBS\u00c8QUES - PF DE FRANCE - LA VALETTE du VAR\",\"isPartOf\":{\"@id\":\"https:\\\/\\\/pompesfunebrestoulon.com\\\/la-valette\\\/#website\"},\"primaryImageOfPage\":{\"@id\":\"https:\\\/\\\/pompesfunebrestoulon.com\\\/la-valette\\\/2022\\\/02\\\/09\\\/preparer-vos-obseques\\\/#primaryimage\"},\"image\":{\"@id\":\"https:\\\/\\\/pompesfunebrestoulon.com\\\/la-valette\\\/2022\\\/02\\\/09\\\/preparer-vos-obseques\\\/#primaryimage\"},\"thumbnailUrl\":\"https:\\\/\\\/pompesfunebrestoulon.com\\\/la-valette\\\/wp-content\\\/uploads\\\/sites\\\/2\\\/2022\\\/02\\\/accueil-1.jpg\",\"datePublished\":\"2022-02-09T14:47:11+00:00\",\"breadcrumb\":{\"@id\":\"https:\\\/\\\/pompesfunebrestoulon.com\\\/la-valette\\\/2022\\\/02\\\/09\\\/preparer-vos-obseques\\\/#breadcrumb\"},\"inLanguage\":\"fr-FR\",\"potentialAction\":[{\"@type\":\"ReadAction\",\"target\":[\"https:\\\/\\\/pompesfunebrestoulon.com\\\/la-valette\\\/2022\\\/02\\\/09\\\/preparer-vos-obseques\\\/\"]}]},{\"@type\":\"ImageObject\",\"inLanguage\":\"fr-FR\",\"@id\":\"https:\\\/\\\/pompesfunebrestoulon.com\\\/la-valette\\\/2022\\\/02\\\/09\\\/preparer-vos-obseques\\\/#primaryimage\",\"url\":\"https:\\\/\\\/pompesfunebrestoulon.com\\\/la-valette\\\/wp-content\\\/uploads\\\/sites\\\/2\\\/2022\\\/02\\\/accueil-1.jpg\",\"contentUrl\":\"https:\\\/\\\/pompesfunebrestoulon.com\\\/la-valette\\\/wp-content\\\/uploads\\\/sites\\\/2\\\/2022\\\/02\\\/accueil-1.jpg\",\"width\":750,\"height\":562},{\"@type\":\"BreadcrumbList\",\"@id\":\"https:\\\/\\\/pompesfunebrestoulon.com\\\/la-valette\\\/2022\\\/02\\\/09\\\/preparer-vos-obseques\\\/#breadcrumb\",\"itemListElement\":[{\"@type\":\"ListItem\",\"position\":1,\"name\":\"Accueil\",\"item\":\"https:\\\/\\\/pompesfunebrestoulon.com\\\/la-valette\\\/\"},{\"@type\":\"ListItem\",\"position\":2,\"name\":\"PR\u00c9PARER VOS OBS\u00c8QUES\"}]},{\"@type\":\"WebSite\",\"@id\":\"https:\\\/\\\/pompesfunebrestoulon.com\\\/la-valette\\\/#website\",\"url\":\"https:\\\/\\\/pompesfunebrestoulon.com\\\/la-valette\\\/\",\"name\":\"PF DE FRANCE - LA VALETTE du VAR\",\"description\":\"Une entreprise familliale depuis 40 ans\",\"publisher\":{\"@id\":\"https:\\\/\\\/pompesfunebrestoulon.com\\\/la-valette\\\/#organization\"},\"potentialAction\":[{\"@type\":\"SearchAction\",\"target\":{\"@type\":\"EntryPoint\",\"urlTemplate\":\"https:\\\/\\\/pompesfunebrestoulon.com\\\/la-valette\\\/?s={search_term_string}\"},\"query-input\":{\"@type\":\"PropertyValueSpecification\",\"valueRequired\":true,\"valueName\":\"search_term_string\"}}],\"inLanguage\":\"fr-FR\"},{\"@type\":\"Organization\",\"@id\":\"https:\\\/\\\/pompesfunebrestoulon.com\\\/la-valette\\\/#organization\",\"name\":\"PF DE FRANCE - LA VALETTE du VAR\",\"url\":\"https:\\\/\\\/pompesfunebrestoulon.com\\\/la-valette\\\/\",\"logo\":{\"@type\":\"ImageObject\",\"inLanguage\":\"fr-FR\",\"@id\":\"https:\\\/\\\/pompesfunebrestoulon.com\\\/la-valette\\\/#\\\/schema\\\/logo\\\/image\\\/\",\"url\":\"https:\\\/\\\/pompesfunebrestoulon.com\\\/la-valette\\\/wp-content\\\/uploads\\\/sites\\\/2\\\/2022\\\/02\\\/logo.png\",\"contentUrl\":\"https:\\\/\\\/pompesfunebrestoulon.com\\\/la-valette\\\/wp-content\\\/uploads\\\/sites\\\/2\\\/2022\\\/02\\\/logo.png\",\"width\":209,\"height\":207,\"caption\":\"PF DE FRANCE - LA VALETTE du VAR\"},\"image\":{\"@id\":\"https:\\\/\\\/pompesfunebrestoulon.com\\\/la-valette\\\/#\\\/schema\\\/logo\\\/image\\\/\"}},{\"@type\":\"Person\",\"@id\":\"https:\\\/\\\/pompesfunebrestoulon.com\\\/la-valette\\\/#\\\/schema\\\/person\\\/9e6e33c58bbab5e2169a5cb4684375bd\",\"name\":\"Claude DELESSE\",\"image\":{\"@type\":\"ImageObject\",\"inLanguage\":\"fr-FR\",\"@id\":\"https:\\\/\\\/secure.gravatar.com\\\/avatar\\\/04e31324b19c80c80c06e2698de763cac8eac0757f0ccba42f151e5faf756ccf?s=96&d=mm&r=g\",\"url\":\"https:\\\/\\\/secure.gravatar.com\\\/avatar\\\/04e31324b19c80c80c06e2698de763cac8eac0757f0ccba42f151e5faf756ccf?s=96&d=mm&r=g\",\"contentUrl\":\"https:\\\/\\\/secure.gravatar.com\\\/avatar\\\/04e31324b19c80c80c06e2698de763cac8eac0757f0ccba42f151e5faf756ccf?s=96&d=mm&r=g\",\"caption\":\"Claude DELESSE\"},\"sameAs\":[\"https:\\\/\\\/pompesfunebrestoulon.com\"],\"url\":\"https:\\\/\\\/pompesfunebrestoulon.com\\\/la-valette\\\/author\\\/admin\\\/\"}]}<\/script>\n<!-- \/ Yoast SEO plugin. -->","yoast_head_json":{"title":"PR\u00c9PARER VOS OBS\u00c8QUES - PF DE FRANCE - LA VALETTE du VAR","robots":{"index":"index","follow":"follow","max-snippet":"max-snippet:-1","max-image-preview":"max-image-preview:large","max-video-preview":"max-video-preview:-1"},"canonical":"https:\/\/pompesfunebrestoulon.com\/la-valette\/2022\/02\/09\/preparer-vos-obseques\/","og_locale":"fr_FR","og_type":"article","og_title":"PR\u00c9PARER VOS OBS\u00c8QUES - PF DE FRANCE - LA VALETTE du VAR","og_description":"Pr\u00e9voir c\u2019est d\u00e9cider : d\u00e9cider de la fa\u00e7on dont se d\u00e9rouleront vos fun\u00e9railles, lib\u00e9rer vos proches des contraintes d\u2019organisation d\u2019obs\u00e8ques, \u00e9viter \u00e0 ceux que vous aimez les d\u00e9penses li\u00e9es aux prestations fun\u00e9raires.D\u00e9cider \u00e9galement du respect de vos derni\u00e8res volont\u00e9s.&nbsp;Read more","og_url":"https:\/\/pompesfunebrestoulon.com\/la-valette\/2022\/02\/09\/preparer-vos-obseques\/","og_site_name":"PF DE FRANCE - LA VALETTE du VAR","article_published_time":"2022-02-09T14:47:11+00:00","author":"Claude DELESSE","twitter_card":"summary_large_image","twitter_misc":{"\u00c9crit par":"Claude DELESSE"},"schema":{"@context":"https:\/\/schema.org","@graph":[{"@type":"Article","@id":"https:\/\/pompesfunebrestoulon.com\/la-valette\/2022\/02\/09\/preparer-vos-obseques\/#article","isPartOf":{"@id":"https:\/\/pompesfunebrestoulon.com\/la-valette\/2022\/02\/09\/preparer-vos-obseques\/"},"author":{"name":"Claude DELESSE","@id":"https:\/\/pompesfunebrestoulon.com\/la-valette\/#\/schema\/person\/9e6e33c58bbab5e2169a5cb4684375bd"},"headline":"PR\u00c9PARER VOS OBS\u00c8QUES","datePublished":"2022-02-09T14:47:11+00:00","mainEntityOfPage":{"@id":"https:\/\/pompesfunebrestoulon.com\/la-valette\/2022\/02\/09\/preparer-vos-obseques\/"},"wordCount":63,"commentCount":0,"publisher":{"@id":"https:\/\/pompesfunebrestoulon.com\/la-valette\/#organization"},"image":{"@id":"https:\/\/pompesfunebrestoulon.com\/la-valette\/2022\/02\/09\/preparer-vos-obseques\/#primaryimage"},"thumbnailUrl":"https:\/\/pompesfunebrestoulon.com\/la-valette\/wp-content\/uploads\/sites\/2\/2022\/02\/accueil-1.jpg","articleSection":["Pr\u00e9parer des obs\u00e8ques"],"inLanguage":"fr-FR","potentialAction":[{"@type":"CommentAction","name":"Comment","target":["https:\/\/pompesfunebrestoulon.com\/la-valette\/2022\/02\/09\/preparer-vos-obseques\/#respond"]}]},{"@type":"WebPage","@id":"https:\/\/pompesfunebrestoulon.com\/la-valette\/2022\/02\/09\/preparer-vos-obseques\/","url":"https:\/\/pompesfunebrestoulon.com\/la-valette\/2022\/02\/09\/preparer-vos-obseques\/","name":"PR\u00c9PARER VOS OBS\u00c8QUES - PF DE FRANCE - LA VALETTE du VAR","isPartOf":{"@id":"https:\/\/pompesfunebrestoulon.com\/la-valette\/#website"},"primaryImageOfPage":{"@id":"https:\/\/pompesfunebrestoulon.com\/la-valette\/2022\/02\/09\/preparer-vos-obseques\/#primaryimage"},"image":{"@id":"https:\/\/pompesfunebrestoulon.com\/la-valette\/2022\/02\/09\/preparer-vos-obseques\/#primaryimage"},"thumbnailUrl":"https:\/\/pompesfunebrestoulon.com\/la-valette\/wp-content\/uploads\/sites\/2\/2022\/02\/accueil-1.jpg","datePublished":"2022-02-09T14:47:11+00:00","breadcrumb":{"@id":"https:\/\/pompesfunebrestoulon.com\/la-valette\/2022\/02\/09\/preparer-vos-obseques\/#breadcrumb"},"inLanguage":"fr-FR","potentialAction":[{"@type":"ReadAction","target":["https:\/\/pompesfunebrestoulon.com\/la-valette\/2022\/02\/09\/preparer-vos-obseques\/"]}]},{"@type":"ImageObject","inLanguage":"fr-FR","@id":"https:\/\/pompesfunebrestoulon.com\/la-valette\/2022\/02\/09\/preparer-vos-obseques\/#primaryimage","url":"https:\/\/pompesfunebrestoulon.com\/la-valette\/wp-content\/uploads\/sites\/2\/2022\/02\/accueil-1.jpg","contentUrl":"https:\/\/pompesfunebrestoulon.com\/la-valette\/wp-content\/uploads\/sites\/2\/2022\/02\/accueil-1.jpg","width":750,"height":562},{"@type":"BreadcrumbList","@id":"https:\/\/pompesfunebrestoulon.com\/la-valette\/2022\/02\/09\/preparer-vos-obseques\/#breadcrumb","itemListElement":[{"@type":"ListItem","position":1,"name":"Accueil","item":"https:\/\/pompesfunebrestoulon.com\/la-valette\/"},{"@type":"ListItem","position":2,"name":"PR\u00c9PARER VOS OBS\u00c8QUES"}]},{"@type":"WebSite","@id":"https:\/\/pompesfunebrestoulon.com\/la-valette\/#website","url":"https:\/\/pompesfunebrestoulon.com\/la-valette\/","name":"PF DE FRANCE - LA VALETTE du VAR","description":"Une entreprise familliale depuis 40 ans","publisher":{"@id":"https:\/\/pompesfunebrestoulon.com\/la-valette\/#organization"},"potentialAction":[{"@type":"SearchAction","target":{"@type":"EntryPoint","urlTemplate":"https:\/\/pompesfunebrestoulon.com\/la-valette\/?s={search_term_string}"},"query-input":{"@type":"PropertyValueSpecification","valueRequired":true,"valueName":"search_term_string"}}],"inLanguage":"fr-FR"},{"@type":"Organization","@id":"https:\/\/pompesfunebrestoulon.com\/la-valette\/#organization","name":"PF DE FRANCE - LA VALETTE du VAR","url":"https:\/\/pompesfunebrestoulon.com\/la-valette\/","logo":{"@type":"ImageObject","inLanguage":"fr-FR","@id":"https:\/\/pompesfunebrestoulon.com\/la-valette\/#\/schema\/logo\/image\/","url":"https:\/\/pompesfunebrestoulon.com\/la-valette\/wp-content\/uploads\/sites\/2\/2022\/02\/logo.png","contentUrl":"https:\/\/pompesfunebrestoulon.com\/la-valette\/wp-content\/uploads\/sites\/2\/2022\/02\/logo.png","width":209,"height":207,"caption":"PF DE FRANCE - LA VALETTE du VAR"},"image":{"@id":"https:\/\/pompesfunebrestoulon.com\/la-valette\/#\/schema\/logo\/image\/"}},{"@type":"Person","@id":"https:\/\/pompesfunebrestoulon.com\/la-valette\/#\/schema\/person\/9e6e33c58bbab5e2169a5cb4684375bd","name":"Claude DELESSE","image":{"@type":"ImageObject","inLanguage":"fr-FR","@id":"https:\/\/secure.gravatar.com\/avatar\/04e31324b19c80c80c06e2698de763cac8eac0757f0ccba42f151e5faf756ccf?s=96&d=mm&r=g","url":"https:\/\/secure.gravatar.com\/avatar\/04e31324b19c80c80c06e2698de763cac8eac0757f0ccba42f151e5faf756ccf?s=96&d=mm&r=g","contentUrl":"https:\/\/secure.gravatar.com\/avatar\/04e31324b19c80c80c06e2698de763cac8eac0757f0ccba42f151e5faf756ccf?s=96&d=mm&r=g","caption":"Claude DELESSE"},"sameAs":["https:\/\/pompesfunebrestoulon.com"],"url":"https:\/\/pompesfunebrestoulon.com\/la-valette\/author\/admin\/"}]}},"_links":{"self":[{"href":"https:\/\/pompesfunebrestoulon.com\/la-valette\/wp-json\/wp\/v2\/posts\/83","targetHints":{"allow":["GET"]}}],"collection":[{"href":"https:\/\/pompesfunebrestoulon.com\/la-valette\/wp-json\/wp\/v2\/posts"}],"about":[{"href":"https:\/\/pompesfunebrestoulon.com\/la-valette\/wp-json\/wp\/v2\/types\/post"}],"author":[{"embeddable":true,"href":"https:\/\/pompesfunebrestoulon.com\/la-valette\/wp-json\/wp\/v2\/users\/1"}],"replies":[{"embeddable":true,"href":"https:\/\/pompesfunebrestoulon.com\/la-valette\/wp-json\/wp\/v2\/comments?post=83"}],"version-history":[{"count":0,"href":"https:\/\/pompesfunebrestoulon.com\/la-valette\/wp-json\/wp\/v2\/posts\/83\/revisions"}],"wp:featuredmedia":[{"embeddable":true,"href":"https:\/\/pompesfunebrestoulon.com\/la-valette\/wp-json\/wp\/v2\/media\/139"}],"wp:attachment":[{"href":"https:\/\/pompesfunebrestoulon.com\/la-valette\/wp-json\/wp\/v2\/media?parent=83"}],"wp:term":[{"taxonomy":"category","embeddable":true,"href":"https:\/\/pompesfunebrestoulon.com\/la-valette\/wp-json\/wp\/v2\/categories?post=83"},{"taxonomy":"post_tag","embeddable":true,"href":"https:\/\/pompesfunebrestoulon.com\/la-valette\/wp-json\/wp\/v2\/tags?post=83"}],"curies":[{"name":"wp","href":"https:\/\/api.w.org\/{rel}","templated":true}]}}