{"id":60,"date":"2021-01-03T19:45:57","date_gmt":"2021-01-03T18:45:57","guid":{"rendered":"https:\/\/pompesfunebresdelagarde.com\/?p=32"},"modified":"2021-01-03T19:45:57","modified_gmt":"2021-01-03T18:45:57","slug":"la-cremation","status":"publish","type":"post","link":"https:\/\/pompesfunebrestoulon.com\/la-valette\/2021\/01\/03\/la-cremation\/","title":{"rendered":"LA CREMATION"},"content":{"rendered":"\n<p>Situ\u00e9 en limite des communes de Toulon, La seyne sur mer et Ollioules, le cr\u00e9matorium de La Seyne sur mer ouvert depuis le 1er janvier 2014, proc\u00e8de aux cr\u00e9mations des d\u00e9funts de l&rsquo;aglom\u00e9ration hy\u00e9roise.<\/p>\n\n\n\n<p>Dot\u00e9 d&rsquo;installation moderne et de stationnement facile, le cr\u00e9matorium de La Seyne sur mer respecte les plus fortes normes environnementales.&nbsp;<\/p>\n\n\n\n<p><\/p>\n","protected":false},"excerpt":{"rendered":"<p>Situ\u00e9 en limite des communes de Toulon, La seyne sur mer et Ollioules, le cr\u00e9matorium de La Seyne sur mer ouvert depuis le 1er janvier 2014, proc\u00e8de aux cr\u00e9mations des d\u00e9funts de l&rsquo;aglom\u00e9ration hy\u00e9roise. Dot\u00e9 d&rsquo;installation moderne et de stationnement facile, le cr\u00e9matorium de La Seyne sur mer respecte les plus fortes normes environnementales.&nbsp;<\/p>\n","protected":false},"author":1,"featured_media":80,"comment_status":"open","ping_status":"closed","sticky":false,"template":"","format":"standard","meta":{"footnotes":""},"categories":[3],"tags":[],"class_list":["post-60","post","type-post","status-publish","format-standard","has-post-thumbnail","hentry","category-organiser-des-obseques"],"yoast_head":"<!-- This site is optimized with the Yoast SEO plugin v27.5 - https:\/\/yoast.com\/product\/yoast-seo-wordpress\/ -->\n<title>LA CREMATION - PF DE FRANCE - LA VALETTE du VAR<\/title>\n<meta name=\"robots\" content=\"index, follow, max-snippet:-1, max-image-preview:large, max-video-preview:-1\" \/>\n<link rel=\"canonical\" href=\"https:\/\/pompesfunebrestoulon.com\/la-valette\/2021\/01\/03\/la-cremation\/\" \/>\n<meta property=\"og:locale\" content=\"fr_FR\" \/>\n<meta property=\"og:type\" content=\"article\" \/>\n<meta property=\"og:title\" content=\"LA CREMATION - PF DE FRANCE - LA VALETTE du VAR\" \/>\n<meta property=\"og:description\" content=\"Situ\u00e9 en limite des communes de Toulon, La seyne sur mer et Ollioules, le cr\u00e9matorium de La Seyne sur mer ouvert depuis le 1er janvier 2014, proc\u00e8de aux cr\u00e9mations des d\u00e9funts de l&rsquo;aglom\u00e9ration hy\u00e9roise. Dot\u00e9 d&rsquo;installation moderne et de stationnement facile, le cr\u00e9matorium de La Seyne sur mer respecte les plus fortes normes environnementales.&nbsp;\" \/>\n<meta property=\"og:url\" content=\"https:\/\/pompesfunebrestoulon.com\/la-valette\/2021\/01\/03\/la-cremation\/\" \/>\n<meta property=\"og:site_name\" content=\"PF DE FRANCE - LA VALETTE du VAR\" \/>\n<meta property=\"article:published_time\" content=\"2021-01-03T18:45:57+00:00\" \/>\n<meta property=\"og:image\" content=\"https:\/\/pompesfunebrestoulon.com\/la-valette\/wp-content\/uploads\/sites\/2\/2021\/01\/espace-crematorium.jpg\" \/>\n\t<meta property=\"og:image:width\" content=\"369\" \/>\n\t<meta property=\"og:image:height\" content=\"246\" \/>\n\t<meta property=\"og:image:type\" content=\"image\/jpeg\" \/>\n<meta name=\"author\" content=\"Claude DELESSE\" \/>\n<meta name=\"twitter:card\" content=\"summary_large_image\" \/>\n<meta name=\"twitter:label1\" content=\"\u00c9crit par\" \/>\n\t<meta name=\"twitter:data1\" content=\"Claude DELESSE\" \/>\n\t<meta name=\"twitter:label2\" content=\"Dur\u00e9e de lecture estim\u00e9e\" \/>\n\t<meta name=\"twitter:data2\" content=\"1 minute\" \/>\n<script type=\"application\/ld+json\" class=\"yoast-schema-graph\">{\"@context\":\"https:\\\/\\\/schema.org\",\"@graph\":[{\"@type\":\"Article\",\"@id\":\"https:\\\/\\\/pompesfunebrestoulon.com\\\/la-valette\\\/2021\\\/01\\\/03\\\/la-cremation\\\/#article\",\"isPartOf\":{\"@id\":\"https:\\\/\\\/pompesfunebrestoulon.com\\\/la-valette\\\/2021\\\/01\\\/03\\\/la-cremation\\\/\"},\"author\":{\"name\":\"Claude DELESSE\",\"@id\":\"https:\\\/\\\/pompesfunebrestoulon.com\\\/la-valette\\\/#\\\/schema\\\/person\\\/9e6e33c58bbab5e2169a5cb4684375bd\"},\"headline\":\"LA CREMATION\",\"datePublished\":\"2021-01-03T18:45:57+00:00\",\"mainEntityOfPage\":{\"@id\":\"https:\\\/\\\/pompesfunebrestoulon.com\\\/la-valette\\\/2021\\\/01\\\/03\\\/la-cremation\\\/\"},\"wordCount\":65,\"commentCount\":0,\"publisher\":{\"@id\":\"https:\\\/\\\/pompesfunebrestoulon.com\\\/la-valette\\\/#organization\"},\"image\":{\"@id\":\"https:\\\/\\\/pompesfunebrestoulon.com\\\/la-valette\\\/2021\\\/01\\\/03\\\/la-cremation\\\/#primaryimage\"},\"thumbnailUrl\":\"https:\\\/\\\/pompesfunebrestoulon.com\\\/la-valette\\\/wp-content\\\/uploads\\\/sites\\\/2\\\/2021\\\/01\\\/espace-crematorium.jpg\",\"articleSection\":[\"Organiser des obs\u00e8ques\"],\"inLanguage\":\"fr-FR\",\"potentialAction\":[{\"@type\":\"CommentAction\",\"name\":\"Comment\",\"target\":[\"https:\\\/\\\/pompesfunebrestoulon.com\\\/la-valette\\\/2021\\\/01\\\/03\\\/la-cremation\\\/#respond\"]}]},{\"@type\":\"WebPage\",\"@id\":\"https:\\\/\\\/pompesfunebrestoulon.com\\\/la-valette\\\/2021\\\/01\\\/03\\\/la-cremation\\\/\",\"url\":\"https:\\\/\\\/pompesfunebrestoulon.com\\\/la-valette\\\/2021\\\/01\\\/03\\\/la-cremation\\\/\",\"name\":\"LA CREMATION - PF DE FRANCE - LA VALETTE du VAR\",\"isPartOf\":{\"@id\":\"https:\\\/\\\/pompesfunebrestoulon.com\\\/la-valette\\\/#website\"},\"primaryImageOfPage\":{\"@id\":\"https:\\\/\\\/pompesfunebrestoulon.com\\\/la-valette\\\/2021\\\/01\\\/03\\\/la-cremation\\\/#primaryimage\"},\"image\":{\"@id\":\"https:\\\/\\\/pompesfunebrestoulon.com\\\/la-valette\\\/2021\\\/01\\\/03\\\/la-cremation\\\/#primaryimage\"},\"thumbnailUrl\":\"https:\\\/\\\/pompesfunebrestoulon.com\\\/la-valette\\\/wp-content\\\/uploads\\\/sites\\\/2\\\/2021\\\/01\\\/espace-crematorium.jpg\",\"datePublished\":\"2021-01-03T18:45:57+00:00\",\"breadcrumb\":{\"@id\":\"https:\\\/\\\/pompesfunebrestoulon.com\\\/la-valette\\\/2021\\\/01\\\/03\\\/la-cremation\\\/#breadcrumb\"},\"inLanguage\":\"fr-FR\",\"potentialAction\":[{\"@type\":\"ReadAction\",\"target\":[\"https:\\\/\\\/pompesfunebrestoulon.com\\\/la-valette\\\/2021\\\/01\\\/03\\\/la-cremation\\\/\"]}]},{\"@type\":\"ImageObject\",\"inLanguage\":\"fr-FR\",\"@id\":\"https:\\\/\\\/pompesfunebrestoulon.com\\\/la-valette\\\/2021\\\/01\\\/03\\\/la-cremation\\\/#primaryimage\",\"url\":\"https:\\\/\\\/pompesfunebrestoulon.com\\\/la-valette\\\/wp-content\\\/uploads\\\/sites\\\/2\\\/2021\\\/01\\\/espace-crematorium.jpg\",\"contentUrl\":\"https:\\\/\\\/pompesfunebrestoulon.com\\\/la-valette\\\/wp-content\\\/uploads\\\/sites\\\/2\\\/2021\\\/01\\\/espace-crematorium.jpg\",\"width\":369,\"height\":246},{\"@type\":\"BreadcrumbList\",\"@id\":\"https:\\\/\\\/pompesfunebrestoulon.com\\\/la-valette\\\/2021\\\/01\\\/03\\\/la-cremation\\\/#breadcrumb\",\"itemListElement\":[{\"@type\":\"ListItem\",\"position\":1,\"name\":\"Accueil\",\"item\":\"https:\\\/\\\/pompesfunebrestoulon.com\\\/la-valette\\\/\"},{\"@type\":\"ListItem\",\"position\":2,\"name\":\"LA CREMATION\"}]},{\"@type\":\"WebSite\",\"@id\":\"https:\\\/\\\/pompesfunebrestoulon.com\\\/la-valette\\\/#website\",\"url\":\"https:\\\/\\\/pompesfunebrestoulon.com\\\/la-valette\\\/\",\"name\":\"PF DE FRANCE - LA VALETTE du VAR\",\"description\":\"Une entreprise familliale depuis 40 ans\",\"publisher\":{\"@id\":\"https:\\\/\\\/pompesfunebrestoulon.com\\\/la-valette\\\/#organization\"},\"potentialAction\":[{\"@type\":\"SearchAction\",\"target\":{\"@type\":\"EntryPoint\",\"urlTemplate\":\"https:\\\/\\\/pompesfunebrestoulon.com\\\/la-valette\\\/?s={search_term_string}\"},\"query-input\":{\"@type\":\"PropertyValueSpecification\",\"valueRequired\":true,\"valueName\":\"search_term_string\"}}],\"inLanguage\":\"fr-FR\"},{\"@type\":\"Organization\",\"@id\":\"https:\\\/\\\/pompesfunebrestoulon.com\\\/la-valette\\\/#organization\",\"name\":\"PF DE FRANCE - LA VALETTE du VAR\",\"url\":\"https:\\\/\\\/pompesfunebrestoulon.com\\\/la-valette\\\/\",\"logo\":{\"@type\":\"ImageObject\",\"inLanguage\":\"fr-FR\",\"@id\":\"https:\\\/\\\/pompesfunebrestoulon.com\\\/la-valette\\\/#\\\/schema\\\/logo\\\/image\\\/\",\"url\":\"https:\\\/\\\/pompesfunebrestoulon.com\\\/la-valette\\\/wp-content\\\/uploads\\\/sites\\\/2\\\/2022\\\/02\\\/logo.png\",\"contentUrl\":\"https:\\\/\\\/pompesfunebrestoulon.com\\\/la-valette\\\/wp-content\\\/uploads\\\/sites\\\/2\\\/2022\\\/02\\\/logo.png\",\"width\":209,\"height\":207,\"caption\":\"PF DE FRANCE - LA VALETTE du VAR\"},\"image\":{\"@id\":\"https:\\\/\\\/pompesfunebrestoulon.com\\\/la-valette\\\/#\\\/schema\\\/logo\\\/image\\\/\"}},{\"@type\":\"Person\",\"@id\":\"https:\\\/\\\/pompesfunebrestoulon.com\\\/la-valette\\\/#\\\/schema\\\/person\\\/9e6e33c58bbab5e2169a5cb4684375bd\",\"name\":\"Claude DELESSE\",\"image\":{\"@type\":\"ImageObject\",\"inLanguage\":\"fr-FR\",\"@id\":\"https:\\\/\\\/secure.gravatar.com\\\/avatar\\\/04e31324b19c80c80c06e2698de763cac8eac0757f0ccba42f151e5faf756ccf?s=96&d=mm&r=g\",\"url\":\"https:\\\/\\\/secure.gravatar.com\\\/avatar\\\/04e31324b19c80c80c06e2698de763cac8eac0757f0ccba42f151e5faf756ccf?s=96&d=mm&r=g\",\"contentUrl\":\"https:\\\/\\\/secure.gravatar.com\\\/avatar\\\/04e31324b19c80c80c06e2698de763cac8eac0757f0ccba42f151e5faf756ccf?s=96&d=mm&r=g\",\"caption\":\"Claude DELESSE\"},\"sameAs\":[\"https:\\\/\\\/pompesfunebrestoulon.com\"],\"url\":\"https:\\\/\\\/pompesfunebrestoulon.com\\\/la-valette\\\/author\\\/admin\\\/\"}]}<\/script>\n<!-- \/ Yoast SEO plugin. -->","yoast_head_json":{"title":"LA CREMATION - PF DE FRANCE - LA VALETTE du VAR","robots":{"index":"index","follow":"follow","max-snippet":"max-snippet:-1","max-image-preview":"max-image-preview:large","max-video-preview":"max-video-preview:-1"},"canonical":"https:\/\/pompesfunebrestoulon.com\/la-valette\/2021\/01\/03\/la-cremation\/","og_locale":"fr_FR","og_type":"article","og_title":"LA CREMATION - PF DE FRANCE - LA VALETTE du VAR","og_description":"Situ\u00e9 en limite des communes de Toulon, La seyne sur mer et Ollioules, le cr\u00e9matorium de La Seyne sur mer ouvert depuis le 1er janvier 2014, proc\u00e8de aux cr\u00e9mations des d\u00e9funts de l&rsquo;aglom\u00e9ration hy\u00e9roise. Dot\u00e9 d&rsquo;installation moderne et de stationnement facile, le cr\u00e9matorium de La Seyne sur mer respecte les plus fortes normes environnementales.&nbsp;","og_url":"https:\/\/pompesfunebrestoulon.com\/la-valette\/2021\/01\/03\/la-cremation\/","og_site_name":"PF DE FRANCE - LA VALETTE du VAR","article_published_time":"2021-01-03T18:45:57+00:00","og_image":[{"width":369,"height":246,"url":"https:\/\/pompesfunebrestoulon.com\/la-valette\/wp-content\/uploads\/sites\/2\/2021\/01\/espace-crematorium.jpg","type":"image\/jpeg"}],"author":"Claude DELESSE","twitter_card":"summary_large_image","twitter_misc":{"\u00c9crit par":"Claude DELESSE","Dur\u00e9e de lecture estim\u00e9e":"1 minute"},"schema":{"@context":"https:\/\/schema.org","@graph":[{"@type":"Article","@id":"https:\/\/pompesfunebrestoulon.com\/la-valette\/2021\/01\/03\/la-cremation\/#article","isPartOf":{"@id":"https:\/\/pompesfunebrestoulon.com\/la-valette\/2021\/01\/03\/la-cremation\/"},"author":{"name":"Claude DELESSE","@id":"https:\/\/pompesfunebrestoulon.com\/la-valette\/#\/schema\/person\/9e6e33c58bbab5e2169a5cb4684375bd"},"headline":"LA CREMATION","datePublished":"2021-01-03T18:45:57+00:00","mainEntityOfPage":{"@id":"https:\/\/pompesfunebrestoulon.com\/la-valette\/2021\/01\/03\/la-cremation\/"},"wordCount":65,"commentCount":0,"publisher":{"@id":"https:\/\/pompesfunebrestoulon.com\/la-valette\/#organization"},"image":{"@id":"https:\/\/pompesfunebrestoulon.com\/la-valette\/2021\/01\/03\/la-cremation\/#primaryimage"},"thumbnailUrl":"https:\/\/pompesfunebrestoulon.com\/la-valette\/wp-content\/uploads\/sites\/2\/2021\/01\/espace-crematorium.jpg","articleSection":["Organiser des obs\u00e8ques"],"inLanguage":"fr-FR","potentialAction":[{"@type":"CommentAction","name":"Comment","target":["https:\/\/pompesfunebrestoulon.com\/la-valette\/2021\/01\/03\/la-cremation\/#respond"]}]},{"@type":"WebPage","@id":"https:\/\/pompesfunebrestoulon.com\/la-valette\/2021\/01\/03\/la-cremation\/","url":"https:\/\/pompesfunebrestoulon.com\/la-valette\/2021\/01\/03\/la-cremation\/","name":"LA CREMATION - PF DE FRANCE - LA VALETTE du VAR","isPartOf":{"@id":"https:\/\/pompesfunebrestoulon.com\/la-valette\/#website"},"primaryImageOfPage":{"@id":"https:\/\/pompesfunebrestoulon.com\/la-valette\/2021\/01\/03\/la-cremation\/#primaryimage"},"image":{"@id":"https:\/\/pompesfunebrestoulon.com\/la-valette\/2021\/01\/03\/la-cremation\/#primaryimage"},"thumbnailUrl":"https:\/\/pompesfunebrestoulon.com\/la-valette\/wp-content\/uploads\/sites\/2\/2021\/01\/espace-crematorium.jpg","datePublished":"2021-01-03T18:45:57+00:00","breadcrumb":{"@id":"https:\/\/pompesfunebrestoulon.com\/la-valette\/2021\/01\/03\/la-cremation\/#breadcrumb"},"inLanguage":"fr-FR","potentialAction":[{"@type":"ReadAction","target":["https:\/\/pompesfunebrestoulon.com\/la-valette\/2021\/01\/03\/la-cremation\/"]}]},{"@type":"ImageObject","inLanguage":"fr-FR","@id":"https:\/\/pompesfunebrestoulon.com\/la-valette\/2021\/01\/03\/la-cremation\/#primaryimage","url":"https:\/\/pompesfunebrestoulon.com\/la-valette\/wp-content\/uploads\/sites\/2\/2021\/01\/espace-crematorium.jpg","contentUrl":"https:\/\/pompesfunebrestoulon.com\/la-valette\/wp-content\/uploads\/sites\/2\/2021\/01\/espace-crematorium.jpg","width":369,"height":246},{"@type":"BreadcrumbList","@id":"https:\/\/pompesfunebrestoulon.com\/la-valette\/2021\/01\/03\/la-cremation\/#breadcrumb","itemListElement":[{"@type":"ListItem","position":1,"name":"Accueil","item":"https:\/\/pompesfunebrestoulon.com\/la-valette\/"},{"@type":"ListItem","position":2,"name":"LA CREMATION"}]},{"@type":"WebSite","@id":"https:\/\/pompesfunebrestoulon.com\/la-valette\/#website","url":"https:\/\/pompesfunebrestoulon.com\/la-valette\/","name":"PF DE FRANCE - LA VALETTE du VAR","description":"Une entreprise familliale depuis 40 ans","publisher":{"@id":"https:\/\/pompesfunebrestoulon.com\/la-valette\/#organization"},"potentialAction":[{"@type":"SearchAction","target":{"@type":"EntryPoint","urlTemplate":"https:\/\/pompesfunebrestoulon.com\/la-valette\/?s={search_term_string}"},"query-input":{"@type":"PropertyValueSpecification","valueRequired":true,"valueName":"search_term_string"}}],"inLanguage":"fr-FR"},{"@type":"Organization","@id":"https:\/\/pompesfunebrestoulon.com\/la-valette\/#organization","name":"PF DE FRANCE - LA VALETTE du VAR","url":"https:\/\/pompesfunebrestoulon.com\/la-valette\/","logo":{"@type":"ImageObject","inLanguage":"fr-FR","@id":"https:\/\/pompesfunebrestoulon.com\/la-valette\/#\/schema\/logo\/image\/","url":"https:\/\/pompesfunebrestoulon.com\/la-valette\/wp-content\/uploads\/sites\/2\/2022\/02\/logo.png","contentUrl":"https:\/\/pompesfunebrestoulon.com\/la-valette\/wp-content\/uploads\/sites\/2\/2022\/02\/logo.png","width":209,"height":207,"caption":"PF DE FRANCE - LA VALETTE du VAR"},"image":{"@id":"https:\/\/pompesfunebrestoulon.com\/la-valette\/#\/schema\/logo\/image\/"}},{"@type":"Person","@id":"https:\/\/pompesfunebrestoulon.com\/la-valette\/#\/schema\/person\/9e6e33c58bbab5e2169a5cb4684375bd","name":"Claude DELESSE","image":{"@type":"ImageObject","inLanguage":"fr-FR","@id":"https:\/\/secure.gravatar.com\/avatar\/04e31324b19c80c80c06e2698de763cac8eac0757f0ccba42f151e5faf756ccf?s=96&d=mm&r=g","url":"https:\/\/secure.gravatar.com\/avatar\/04e31324b19c80c80c06e2698de763cac8eac0757f0ccba42f151e5faf756ccf?s=96&d=mm&r=g","contentUrl":"https:\/\/secure.gravatar.com\/avatar\/04e31324b19c80c80c06e2698de763cac8eac0757f0ccba42f151e5faf756ccf?s=96&d=mm&r=g","caption":"Claude DELESSE"},"sameAs":["https:\/\/pompesfunebrestoulon.com"],"url":"https:\/\/pompesfunebrestoulon.com\/la-valette\/author\/admin\/"}]}},"_links":{"self":[{"href":"https:\/\/pompesfunebrestoulon.com\/la-valette\/wp-json\/wp\/v2\/posts\/60","targetHints":{"allow":["GET"]}}],"collection":[{"href":"https:\/\/pompesfunebrestoulon.com\/la-valette\/wp-json\/wp\/v2\/posts"}],"about":[{"href":"https:\/\/pompesfunebrestoulon.com\/la-valette\/wp-json\/wp\/v2\/types\/post"}],"author":[{"embeddable":true,"href":"https:\/\/pompesfunebrestoulon.com\/la-valette\/wp-json\/wp\/v2\/users\/1"}],"replies":[{"embeddable":true,"href":"https:\/\/pompesfunebrestoulon.com\/la-valette\/wp-json\/wp\/v2\/comments?post=60"}],"version-history":[{"count":0,"href":"https:\/\/pompesfunebrestoulon.com\/la-valette\/wp-json\/wp\/v2\/posts\/60\/revisions"}],"wp:featuredmedia":[{"embeddable":true,"href":"https:\/\/pompesfunebrestoulon.com\/la-valette\/wp-json\/wp\/v2\/media\/80"}],"wp:attachment":[{"href":"https:\/\/pompesfunebrestoulon.com\/la-valette\/wp-json\/wp\/v2\/media?parent=60"}],"wp:term":[{"taxonomy":"category","embeddable":true,"href":"https:\/\/pompesfunebrestoulon.com\/la-valette\/wp-json\/wp\/v2\/categories?post=60"},{"taxonomy":"post_tag","embeddable":true,"href":"https:\/\/pompesfunebrestoulon.com\/la-valette\/wp-json\/wp\/v2\/tags?post=60"}],"curies":[{"name":"wp","href":"https:\/\/api.w.org\/{rel}","templated":true}]}}